{"id":275,"date":"2026-02-09T14:16:53","date_gmt":"2026-02-09T14:16:53","guid":{"rendered":"https:\/\/ipres.es\/?p=275"},"modified":"2026-03-04T09:06:34","modified_gmt":"2026-03-04T09:06:34","slug":"ipres-amplia-su-colaboracion-con-las-administraciones-locales-y-gestionara-el-servicio-de-conserjeria-del-casal-de-cultura-de-collbato","status":"publish","type":"post","link":"https:\/\/ipres.es\/ca\/blog\/ipres-amplia-su-colaboracion-con-las-administraciones-locales-y-gestionara-el-servicio-de-conserjeria-del-casal-de-cultura-de-collbato\/","title":{"rendered":"IPRES amplia la seva col \u00b7 laboraci\u00f3 amb les autoritats locals i gestionar\u00e0 el servei de consergeria al Centre Cultural de Collbat\u00f3"},"content":{"rendered":"<div data-elementor-type=\"wp-post\" data-elementor-id=\"275\" class=\"elementor elementor-275\" data-elementor-post-type=\"post\">\n\t\t\t\t<div class=\"elementor-element elementor-element-e0e3d69 e-flex e-con-boxed e-con e-parent\" data-id=\"e0e3d69\" data-element_type=\"container\" data-e-type=\"container\">\n\t\t\t\t\t<div class=\"e-con-inner\">\n\t\t\t\t<div class=\"elementor-element elementor-element-9e4e3c6 elementor-widget elementor-widget-text-editor\" data-id=\"9e4e3c6\" data-element_type=\"widget\" data-e-type=\"widget\" data-widget_type=\"text-editor.default\">\n\t\t\t\t\t\t\t\t\t<p class=\"heditor_first\">Desde IPRES nos complace anunciar la adjudicaci\u00f3n del nuevo contrato de servicios de conserjer\u00eda y atenci\u00f3n al p\u00fablico del Casal de Cultura y apoyo a eventos del Ayuntamiento de Collbat\u00f3, un espacio emblem\u00e1tico que concentra buena parte de la actividad cultural y social del municipio.<\/p><p>La duraci\u00f3n prevista del servicio es de 12 meses, con posibilidad de renovaci\u00f3n anual hasta alcanzar los cuatro a\u00f1os, asegurando la estabilidad del proyecto en el tiempo.<\/p><p>El servicio, impulsado por el Ajuntament de Collbat\u00f3, incluye la atenci\u00f3n directa a los usuarios del Casal, la apertura y cierre de las instalaciones, la supervisi\u00f3n del estado de los espacios y el soporte t\u00e9cnico y log\u00edstico durante los actos y actividades culturales que se celebran a lo largo del a\u00f1o.<\/p><p>Nuestro equipo se encargar\u00e1 tambi\u00e9n de tareas de seguimiento de las instalaciones municipales, la coordinaci\u00f3n con el personal t\u00e9cnico del \u00e1rea de Cultura y Patrimonio y la asistencia a los distintos equipamientos vinculados al Casal, como el Casinet, el Hotel d\u2019Entitats o el Espai Tem\u00e0tic dels Orgues.<\/p><p>Con esta adjudicaci\u00f3n, IPRES refuerza su presencia en el \u00e1mbito de los servicios auxiliares en equipamientos p\u00fablicos y reafirma su compromiso con la profesionalizaci\u00f3n y la calidad en la atenci\u00f3n ciudadana.<\/p><p>Seguimos avanzando junto a las administraciones locales, cuidando los espacios donde la cultura y la comunidad se encuentran.<\/p>\t\t\t\t\t\t\t\t<\/div>\n\t\t\t\t\t<\/div>\n\t\t\t\t<\/div>\n\t\t\t\t<\/div>","protected":false},"excerpt":{"rendered":"<p>Desde IPRES nos complace anunciar la adjudicaci\u00f3n del nuevo contrato de servicios de conserjer\u00eda y atenci\u00f3n al p\u00fablico del Casal&#8230;<\/p>","protected":false},"author":1,"featured_media":230,"comment_status":"closed","ping_status":"closed","sticky":false,"template":"","format":"standard","meta":{"_acf_changed":false,"give_campaign_id":0,"footnotes":""},"categories":[25],"tags":[],"class_list":["post-275","post","type-post","status-publish","format-standard","has-post-thumbnail","hentry","category-blog"],"acf":[],"yoast_head":"<!-- This site is optimized with the Yoast SEO plugin v27.2 - https:\/\/yoast.com\/product\/yoast-seo-wordpress\/ -->\n<title>IPRES ampl\u00eda su colaboraci\u00f3n con las administraciones locales y gestionar\u00e1 el servicio de conserjer\u00eda del Casal de Cultura de Collbat\u00f3 | IPRES<\/title>\n<meta name=\"robots\" content=\"index, follow, max-snippet:-1, max-image-preview:large, max-video-preview:-1\" \/>\n<link rel=\"canonical\" href=\"https:\/\/ipres.es\/ca\/blog\/ipres-amplia-su-colaboracion-con-las-administraciones-locales-y-gestionara-el-servicio-de-conserjeria-del-casal-de-cultura-de-collbato\/\" \/>\n<meta property=\"og:locale\" content=\"ca_ES\" \/>\n<meta property=\"og:type\" content=\"article\" \/>\n<meta property=\"og:title\" content=\"IPRES ampl\u00eda su colaboraci\u00f3n con las administraciones locales y gestionar\u00e1 el servicio de conserjer\u00eda del Casal de Cultura de Collbat\u00f3 | IPRES\" \/>\n<meta property=\"og:description\" content=\"Desde IPRES nos complace anunciar la adjudicaci\u00f3n del nuevo contrato de servicios de conserjer\u00eda y atenci\u00f3n al p\u00fablico del Casal...\" \/>\n<meta property=\"og:url\" content=\"https:\/\/ipres.es\/ca\/blog\/ipres-amplia-su-colaboracion-con-las-administraciones-locales-y-gestionara-el-servicio-de-conserjeria-del-casal-de-cultura-de-collbato\/\" \/>\n<meta property=\"og:site_name\" content=\"IPRES\" \/>\n<meta property=\"article:published_time\" content=\"2026-02-09T14:16:53+00:00\" \/>\n<meta property=\"article:modified_time\" content=\"2026-03-04T09:06:34+00:00\" \/>\n<meta property=\"og:image\" content=\"https:\/\/ipres.es\/wp-content\/uploads\/2026\/02\/imagen-3_resultado.webp\" \/>\n\t<meta property=\"og:image:width\" content=\"745\" \/>\n\t<meta property=\"og:image:height\" content=\"680\" \/>\n\t<meta property=\"og:image:type\" content=\"image\/webp\" \/>\n<meta name=\"author\" content=\"admin\" \/>\n<meta name=\"twitter:card\" content=\"summary_large_image\" \/>\n<meta name=\"twitter:label1\" content=\"Escrit per\" \/>\n\t<meta name=\"twitter:data1\" content=\"admin\" \/>\n\t<meta name=\"twitter:label2\" content=\"Temps estimat de lectura\" \/>\n\t<meta name=\"twitter:data2\" content=\"2 minuts\" \/>\n<!-- \/ Yoast SEO plugin. -->","yoast_head_json":{"title":"IPRES ampl\u00eda su colaboraci\u00f3n con las administraciones locales y gestionar\u00e1 el servicio de conserjer\u00eda del Casal de Cultura de Collbat\u00f3 | IPRES","robots":{"index":"index","follow":"follow","max-snippet":"max-snippet:-1","max-image-preview":"max-image-preview:large","max-video-preview":"max-video-preview:-1"},"canonical":"https:\/\/ipres.es\/ca\/blog\/ipres-amplia-su-colaboracion-con-las-administraciones-locales-y-gestionara-el-servicio-de-conserjeria-del-casal-de-cultura-de-collbato\/","og_locale":"ca_ES","og_type":"article","og_title":"IPRES ampl\u00eda su colaboraci\u00f3n con las administraciones locales y gestionar\u00e1 el servicio de conserjer\u00eda del Casal de Cultura de Collbat\u00f3 | IPRES","og_description":"Desde IPRES nos complace anunciar la adjudicaci\u00f3n del nuevo contrato de servicios de conserjer\u00eda y atenci\u00f3n al p\u00fablico del Casal...","og_url":"https:\/\/ipres.es\/ca\/blog\/ipres-amplia-su-colaboracion-con-las-administraciones-locales-y-gestionara-el-servicio-de-conserjeria-del-casal-de-cultura-de-collbato\/","og_site_name":"IPRES","article_published_time":"2026-02-09T14:16:53+00:00","article_modified_time":"2026-03-04T09:06:34+00:00","og_image":[{"width":745,"height":680,"url":"https:\/\/ipres.es\/wp-content\/uploads\/2026\/02\/imagen-3_resultado.webp","type":"image\/webp"}],"author":"admin","twitter_card":"summary_large_image","twitter_misc":{"Escrit per":"admin","Temps estimat de lectura":"2 minuts"},"schema":{"@context":"https:\/\/schema.org","@graph":[{"@type":"Article","@id":"https:\/\/ipres.es\/blog\/ipres-amplia-su-colaboracion-con-las-administraciones-locales-y-gestionara-el-servicio-de-conserjeria-del-casal-de-cultura-de-collbato\/#article","isPartOf":{"@id":"https:\/\/ipres.es\/blog\/ipres-amplia-su-colaboracion-con-las-administraciones-locales-y-gestionara-el-servicio-de-conserjeria-del-casal-de-cultura-de-collbato\/"},"author":{"name":"admin","@id":"https:\/\/ipres.es\/#\/schema\/person\/c1a529039a9c54dae4ad7c81b541406c"},"headline":"IPRES ampl\u00eda su colaboraci\u00f3n con las administraciones locales y gestionar\u00e1 el servicio de conserjer\u00eda del Casal de Cultura de Collbat\u00f3","datePublished":"2026-02-09T14:16:53+00:00","dateModified":"2026-03-04T09:06:34+00:00","mainEntityOfPage":{"@id":"https:\/\/ipres.es\/blog\/ipres-amplia-su-colaboracion-con-las-administraciones-locales-y-gestionara-el-servicio-de-conserjeria-del-casal-de-cultura-de-collbato\/"},"wordCount":263,"publisher":{"@id":"https:\/\/ipres.es\/#organization"},"image":{"@id":"https:\/\/ipres.es\/blog\/ipres-amplia-su-colaboracion-con-las-administraciones-locales-y-gestionara-el-servicio-de-conserjeria-del-casal-de-cultura-de-collbato\/#primaryimage"},"thumbnailUrl":"https:\/\/ipres.es\/wp-content\/uploads\/2026\/02\/imagen-3_resultado.webp","articleSection":["blog"],"inLanguage":"ca"},{"@type":"WebPage","@id":"https:\/\/ipres.es\/blog\/ipres-amplia-su-colaboracion-con-las-administraciones-locales-y-gestionara-el-servicio-de-conserjeria-del-casal-de-cultura-de-collbato\/","url":"https:\/\/ipres.es\/blog\/ipres-amplia-su-colaboracion-con-las-administraciones-locales-y-gestionara-el-servicio-de-conserjeria-del-casal-de-cultura-de-collbato\/","name":"IPRES ampl\u00eda su colaboraci\u00f3n con las administraciones locales y gestionar\u00e1 el servicio de conserjer\u00eda del Casal de Cultura de Collbat\u00f3 | IPRES","isPartOf":{"@id":"https:\/\/ipres.es\/#website"},"primaryImageOfPage":{"@id":"https:\/\/ipres.es\/blog\/ipres-amplia-su-colaboracion-con-las-administraciones-locales-y-gestionara-el-servicio-de-conserjeria-del-casal-de-cultura-de-collbato\/#primaryimage"},"image":{"@id":"https:\/\/ipres.es\/blog\/ipres-amplia-su-colaboracion-con-las-administraciones-locales-y-gestionara-el-servicio-de-conserjeria-del-casal-de-cultura-de-collbato\/#primaryimage"},"thumbnailUrl":"https:\/\/ipres.es\/wp-content\/uploads\/2026\/02\/imagen-3_resultado.webp","datePublished":"2026-02-09T14:16:53+00:00","dateModified":"2026-03-04T09:06:34+00:00","breadcrumb":{"@id":"https:\/\/ipres.es\/blog\/ipres-amplia-su-colaboracion-con-las-administraciones-locales-y-gestionara-el-servicio-de-conserjeria-del-casal-de-cultura-de-collbato\/#breadcrumb"},"inLanguage":"ca","potentialAction":[{"@type":"ReadAction","target":["https:\/\/ipres.es\/blog\/ipres-amplia-su-colaboracion-con-las-administraciones-locales-y-gestionara-el-servicio-de-conserjeria-del-casal-de-cultura-de-collbato\/"]}]},{"@type":"ImageObject","inLanguage":"ca","@id":"https:\/\/ipres.es\/blog\/ipres-amplia-su-colaboracion-con-las-administraciones-locales-y-gestionara-el-servicio-de-conserjeria-del-casal-de-cultura-de-collbato\/#primaryimage","url":"https:\/\/ipres.es\/wp-content\/uploads\/2026\/02\/imagen-3_resultado.webp","contentUrl":"https:\/\/ipres.es\/wp-content\/uploads\/2026\/02\/imagen-3_resultado.webp","width":745,"height":680},{"@type":"BreadcrumbList","@id":"https:\/\/ipres.es\/blog\/ipres-amplia-su-colaboracion-con-las-administraciones-locales-y-gestionara-el-servicio-de-conserjeria-del-casal-de-cultura-de-collbato\/#breadcrumb","itemListElement":[{"@type":"ListItem","position":1,"name":"Portada","item":"https:\/\/ipres.es\/"},{"@type":"ListItem","position":2,"name":"IPRES ampl\u00eda su colaboraci\u00f3n con las administraciones locales y gestionar\u00e1 el servicio de conserjer\u00eda del Casal de Cultura de Collbat\u00f3"}]},{"@type":"WebSite","@id":"https:\/\/ipres.es\/#website","url":"https:\/\/ipres.es\/","name":"IPRES","description":"","publisher":{"@id":"https:\/\/ipres.es\/#organization"},"potentialAction":[{"@type":"SearchAction","target":{"@type":"EntryPoint","urlTemplate":"https:\/\/ipres.es\/?s={search_term_string}"},"query-input":{"@type":"PropertyValueSpecification","valueRequired":true,"valueName":"search_term_string"}}],"inLanguage":"ca"},{"@type":"Organization","@id":"https:\/\/ipres.es\/#organization","name":"IPRES","url":"https:\/\/ipres.es\/","logo":{"@type":"ImageObject","inLanguage":"ca","@id":"https:\/\/ipres.es\/#\/schema\/logo\/image\/","url":"https:\/\/ipres.es\/wp-content\/uploads\/2026\/01\/logo_ipres.png","contentUrl":"https:\/\/ipres.es\/wp-content\/uploads\/2026\/01\/logo_ipres.png","width":147,"height":102,"caption":"IPRES"},"image":{"@id":"https:\/\/ipres.es\/#\/schema\/logo\/image\/"}},{"@type":"Person","@id":"https:\/\/ipres.es\/#\/schema\/person\/c1a529039a9c54dae4ad7c81b541406c","name":"admin","image":{"@type":"ImageObject","inLanguage":"ca","@id":"https:\/\/secure.gravatar.com\/avatar\/e75c65daed951a86a2fc7105cb4b18f829dd1b3e2c32525093f2bcf14dd129e6?s=96&d=mm&r=g","url":"https:\/\/secure.gravatar.com\/avatar\/e75c65daed951a86a2fc7105cb4b18f829dd1b3e2c32525093f2bcf14dd129e6?s=96&d=mm&r=g","contentUrl":"https:\/\/secure.gravatar.com\/avatar\/e75c65daed951a86a2fc7105cb4b18f829dd1b3e2c32525093f2bcf14dd129e6?s=96&d=mm&r=g","caption":"admin"},"sameAs":["https:\/\/ipres.es"]}]}},"_links":{"self":[{"href":"https:\/\/ipres.es\/ca\/wp-json\/wp\/v2\/posts\/275","targetHints":{"allow":["GET"]}}],"collection":[{"href":"https:\/\/ipres.es\/ca\/wp-json\/wp\/v2\/posts"}],"about":[{"href":"https:\/\/ipres.es\/ca\/wp-json\/wp\/v2\/types\/post"}],"author":[{"embeddable":true,"href":"https:\/\/ipres.es\/ca\/wp-json\/wp\/v2\/users\/1"}],"replies":[{"embeddable":true,"href":"https:\/\/ipres.es\/ca\/wp-json\/wp\/v2\/comments?post=275"}],"version-history":[{"count":9,"href":"https:\/\/ipres.es\/ca\/wp-json\/wp\/v2\/posts\/275\/revisions"}],"predecessor-version":[{"id":337,"href":"https:\/\/ipres.es\/ca\/wp-json\/wp\/v2\/posts\/275\/revisions\/337"}],"wp:featuredmedia":[{"embeddable":true,"href":"https:\/\/ipres.es\/ca\/wp-json\/wp\/v2\/media\/230"}],"wp:attachment":[{"href":"https:\/\/ipres.es\/ca\/wp-json\/wp\/v2\/media?parent=275"}],"wp:term":[{"taxonomy":"category","embeddable":true,"href":"https:\/\/ipres.es\/ca\/wp-json\/wp\/v2\/categories?post=275"},{"taxonomy":"post_tag","embeddable":true,"href":"https:\/\/ipres.es\/ca\/wp-json\/wp\/v2\/tags?post=275"}],"curies":[{"name":"wp","href":"https:\/\/api.w.org\/{rel}","templated":true}]}}